{"id":5834,"date":"2025-08-29T18:11:06","date_gmt":"2025-08-29T16:11:06","guid":{"rendered":"https:\/\/florencegirod.com\/29-08-2025\/"},"modified":"2025-08-29T18:24:54","modified_gmt":"2025-08-29T16:24:54","slug":"29-08-2025","status":"publish","type":"post","link":"https:\/\/florencegirod.com\/fr\/29-08-2025\/","title":{"rendered":"29.08.2025"},"content":{"rendered":"<p>\u00a0 <a href=\"https:\/\/florencegirod.com\/wp-content\/uploads\/2025\/08\/wohnung_f_wohnen_2_-scaled.jpg\"><img decoding=\"async\" loading=\"lazy\" class=\"alignnone wp-image-5828 size-full\" src=\"https:\/\/florencegirod.com\/wp-content\/uploads\/2025\/08\/wohnung_f_wohnen_2_-scaled.jpg\" alt=\"\" width=\"2560\" height=\"1920\" srcset=\"https:\/\/florencegirod.com\/wp-content\/uploads\/2025\/08\/wohnung_f_wohnen_2_-scaled.jpg 2560w, https:\/\/florencegirod.com\/wp-content\/uploads\/2025\/08\/wohnung_f_wohnen_2_-300x225.jpg 300w, https:\/\/florencegirod.com\/wp-content\/uploads\/2025\/08\/wohnung_f_wohnen_2_-1024x768.jpg 1024w, https:\/\/florencegirod.com\/wp-content\/uploads\/2025\/08\/wohnung_f_wohnen_2_-768x576.jpg 768w, https:\/\/florencegirod.com\/wp-content\/uploads\/2025\/08\/wohnung_f_wohnen_2_-1536x1152.jpg 1536w, https:\/\/florencegirod.com\/wp-content\/uploads\/2025\/08\/wohnung_f_wohnen_2_-2048x1536.jpg 2048w\" sizes=\"(max-width: 2560px) 100vw, 2560px\" \/><\/a><\/p>\r\n<!-- \/wp:image -->\r\n\r\n<!-- wp:paragraph -->\r\n<p>&nbsp;<\/p>\r\n<div class=\"n4sEPd\">\r\n<div class=\"FFpbKc\"><span class=\"jCAhz ChMk0b\"><span class=\"ryNqvb\">Un appartement se transforme en un foyer familial au budget ma\u00eetris\u00e9.<\/span><\/span> <span class=\"jCAhz ChMk0b\"><span class=\"ryNqvb\">Les meubles Ikea sont habill\u00e9s de portes et de c\u00f4t\u00e9s assortis et s&rsquo;int\u00e8grent \u00e0 la structure existante gr\u00e2ce \u00e0 des pieces d&rsquo;adaptateurs.<\/span><\/span> <span class=\"jCAhz ChMk0b\"><span class=\"ryNqvb\">Des couleurs vives transforment les couloirs et les niches ordinaires de l&rsquo;appartement en espaces int\u00e9ressants.<\/span><\/span> <span class=\"jCAhz ChMk0b\"><span class=\"ryNqvb\">R\u00e9sultat\u00a0: un lieu id\u00e9al pour la vie de famille au quotidien, rempli d&rsquo;objets personnels et d&rsquo;histoires.<\/span><\/span><\/div>\r\n<\/div>","protected":false},"excerpt":{"rendered":"<p>\u00a0 &nbsp; Un appartement se transforme en un foyer familial au budget ma\u00eetris\u00e9. Les meubles Ikea sont habill\u00e9s de portes et de c\u00f4t\u00e9s assortis et s&rsquo;int\u00e8grent \u00e0 la structure existante gr\u00e2ce \u00e0 des pieces d&rsquo;adaptateurs. Des couleurs vives transforment les couloirs et les niches ordinaires de l&rsquo;appartement en espaces int\u00e9ressants. R\u00e9sultat\u00a0: un lieu id\u00e9al pour &hellip; <a href=\"https:\/\/florencegirod.com\/fr\/29-08-2025\/\" class=\"more-link\">Continuer la lecture<span class=\"screen-reader-text\"> de <span class=\"screen-reader-text\">29.08.2025<\/span><\/span>&nbsp;<span class=\"meta-nav\">&rarr;<\/span><\/a><\/p>\n","protected":false},"author":2,"featured_media":0,"comment_status":"closed","ping_status":"closed","sticky":false,"template":"","format":"standard","meta":[],"categories":[12],"tags":[],"_links":{"self":[{"href":"https:\/\/florencegirod.com\/fr\/wp-json\/wp\/v2\/posts\/5834"}],"collection":[{"href":"https:\/\/florencegirod.com\/fr\/wp-json\/wp\/v2\/posts"}],"about":[{"href":"https:\/\/florencegirod.com\/fr\/wp-json\/wp\/v2\/types\/post"}],"author":[{"embeddable":true,"href":"https:\/\/florencegirod.com\/fr\/wp-json\/wp\/v2\/users\/2"}],"replies":[{"embeddable":true,"href":"https:\/\/florencegirod.com\/fr\/wp-json\/wp\/v2\/comments?post=5834"}],"version-history":[{"count":3,"href":"https:\/\/florencegirod.com\/fr\/wp-json\/wp\/v2\/posts\/5834\/revisions"}],"predecessor-version":[{"id":5839,"href":"https:\/\/florencegirod.com\/fr\/wp-json\/wp\/v2\/posts\/5834\/revisions\/5839"}],"wp:attachment":[{"href":"https:\/\/florencegirod.com\/fr\/wp-json\/wp\/v2\/media?parent=5834"}],"wp:term":[{"taxonomy":"category","embeddable":true,"href":"https:\/\/florencegirod.com\/fr\/wp-json\/wp\/v2\/categories?post=5834"},{"taxonomy":"post_tag","embeddable":true,"href":"https:\/\/florencegirod.com\/fr\/wp-json\/wp\/v2\/tags?post=5834"}],"curies":[{"name":"wp","href":"https:\/\/api.w.org\/{rel}","templated":true}]}}