{"id":6136,"date":"2026-03-22T10:44:17","date_gmt":"2026-03-22T09:44:17","guid":{"rendered":"https:\/\/florencegirod.com\/13-03-2026\/"},"modified":"2026-03-22T11:39:09","modified_gmt":"2026-03-22T10:39:09","slug":"13-03-2026","status":"publish","type":"post","link":"https:\/\/florencegirod.com\/fr\/13-03-2026\/","title":{"rendered":"13.03.2026"},"content":{"rendered":"<p>\u00a0 <a href=\"https:\/\/florencegirod.com\/wp-content\/uploads\/2024\/12\/haus_v_00_quer-1-scaled.jpg\"><img decoding=\"async\" loading=\"lazy\" class=\"alignnone wp-image-6101 size-full\" src=\"https:\/\/florencegirod.com\/wp-content\/uploads\/2024\/12\/haus_v_00_quer-1-scaled.jpg\" alt=\"\" width=\"2560\" height=\"1829\" srcset=\"https:\/\/florencegirod.com\/wp-content\/uploads\/2024\/12\/haus_v_00_quer-1-scaled.jpg 2560w, https:\/\/florencegirod.com\/wp-content\/uploads\/2024\/12\/haus_v_00_quer-1-300x214.jpg 300w, https:\/\/florencegirod.com\/wp-content\/uploads\/2024\/12\/haus_v_00_quer-1-1024x731.jpg 1024w, https:\/\/florencegirod.com\/wp-content\/uploads\/2024\/12\/haus_v_00_quer-1-768x549.jpg 768w, https:\/\/florencegirod.com\/wp-content\/uploads\/2024\/12\/haus_v_00_quer-1-1536x1097.jpg 1536w, https:\/\/florencegirod.com\/wp-content\/uploads\/2024\/12\/haus_v_00_quer-1-2048x1463.jpg 2048w\" sizes=\"(max-width: 2560px) 100vw, 2560px\" \/><\/a><\/p>\r\n<!-- \/wp:image -->\r\n\r\n<!-- wp:paragraph -->\r\n<p>&nbsp;<\/p>\r\n<div>\r\n<div>\u00ab\u00a0da! Architektur in und aus Berlin\u00a0\u00bb 2026<\/div>\r\n<div>\u00a0<\/div>\r\n<div>\r\n<p>Le 13 mars 2026, l\u2019exposition \u00ab da ! Architektur in und aus Berlin \u00bb ouvre ses portes au LIVING BERLIN, pr\u00e9sentant 60 projets s\u00e9lectionn\u00e9s qui illustrent la diversit\u00e9 et la qualit\u00e9 de la culture architecturale berlinoise. Les membres de la Chambre des architectes de Berlin commenteront des projets en cours \u00e0 Berlin, en Allemagne et dans le monde entier.<\/p>\r\n<p>&nbsp;<\/p>\r\n<p>Vernissage\u00a0: 13 mars 2026 \u00e0 19h00<\/p>\r\n<p>Exposition\u00a0: du 14 mars au 25 avril 2026<\/p>\r\n<p>Horaires d\u2019ouverture\u00a0: du lundi au samedi, de 11h00 \u00e0 19h00, entr\u00e9e libre<\/p>\r\n<p>Lieu\u00a0: LIVING BERLIN, Kantstra\u00dfe 17, 10623 Berlin<\/p>\r\n<p>&nbsp;<\/p>\r\n<p>Notre projet \u00ab Haus im Fliegerviertel \u00bb est \u00e9galement pr\u00e9sent\u00e9 dans le cadre de \u00a0<a href=\"https:\/\/www.ak-berlin.de\/baukultur\/da-architektur-in-und-aus-berlin\/projekte-da-2026\/projekte-detailseite\/haus-im-fliegerviertel\/?itemsPerPage=100cHash%3D01fabbbadad4015493e1e98a0af8349dcHash%3D8a780aec93070307ecc541f3627df8e3cHash%3D4817cf5660da1c8f289e86743dcb90f9cHash%3D476b57f3b129184202423740b3b49e7dcHash%3D8607c1674556607995abb0a2b369a068cHash%3Dbc18e7e4063501bde1077fec652731f7cHash%3Ddb63c1261c0a03822811783a9d5289edcHash%3Dd16abc821cbfcd757f4bdbebf8dedd56cHash%3Dbcebab2c5425fd0da45b2c3bddb8c9b2&amp;cHash=16a27d4e2b9c72e8cec09da17bc1e4a3\">l&rsquo;exposition da!<\/a><\/p>\r\n<\/div>\r\n<\/div>","protected":false},"excerpt":{"rendered":"<p>\u00a0 &nbsp; \u00ab\u00a0da! Architektur in und aus Berlin\u00a0\u00bb 2026 \u00a0 Le 13 mars 2026, l\u2019exposition \u00ab da ! Architektur in und aus Berlin \u00bb ouvre ses portes au LIVING BERLIN, pr\u00e9sentant 60 projets s\u00e9lectionn\u00e9s qui illustrent la diversit\u00e9 et la qualit\u00e9 de la culture architecturale berlinoise. Les membres de la Chambre des architectes de Berlin &hellip; <a href=\"https:\/\/florencegirod.com\/fr\/13-03-2026\/\" class=\"more-link\">Continuer la lecture<span class=\"screen-reader-text\"> de <span class=\"screen-reader-text\">13.03.2026<\/span><\/span>&nbsp;<span class=\"meta-nav\">&rarr;<\/span><\/a><\/p>\n","protected":false},"author":2,"featured_media":0,"comment_status":"closed","ping_status":"closed","sticky":false,"template":"","format":"standard","meta":[],"categories":[12],"tags":[],"_links":{"self":[{"href":"https:\/\/florencegirod.com\/fr\/wp-json\/wp\/v2\/posts\/6136"}],"collection":[{"href":"https:\/\/florencegirod.com\/fr\/wp-json\/wp\/v2\/posts"}],"about":[{"href":"https:\/\/florencegirod.com\/fr\/wp-json\/wp\/v2\/types\/post"}],"author":[{"embeddable":true,"href":"https:\/\/florencegirod.com\/fr\/wp-json\/wp\/v2\/users\/2"}],"replies":[{"embeddable":true,"href":"https:\/\/florencegirod.com\/fr\/wp-json\/wp\/v2\/comments?post=6136"}],"version-history":[{"count":5,"href":"https:\/\/florencegirod.com\/fr\/wp-json\/wp\/v2\/posts\/6136\/revisions"}],"predecessor-version":[{"id":6164,"href":"https:\/\/florencegirod.com\/fr\/wp-json\/wp\/v2\/posts\/6136\/revisions\/6164"}],"wp:attachment":[{"href":"https:\/\/florencegirod.com\/fr\/wp-json\/wp\/v2\/media?parent=6136"}],"wp:term":[{"taxonomy":"category","embeddable":true,"href":"https:\/\/florencegirod.com\/fr\/wp-json\/wp\/v2\/categories?post=6136"},{"taxonomy":"post_tag","embeddable":true,"href":"https:\/\/florencegirod.com\/fr\/wp-json\/wp\/v2\/tags?post=6136"}],"curies":[{"name":"wp","href":"https:\/\/api.w.org\/{rel}","templated":true}]}}